{"id":1166,"date":"2010-01-18T05:37:05","date_gmt":"2010-01-18T04:37:05","guid":{"rendered":"https:\/\/www.dilegrej.info\/zkouska\/?p=1166"},"modified":"2024-02-02T05:47:34","modified_gmt":"2024-02-02T04:47:34","slug":"psalo-se-o-nas","status":"publish","type":"post","link":"https:\/\/www.dilegrej.info\/zkouska\/psalo-se-o-nas\/","title":{"rendered":"Psalo se o n\u00e1s&#8230;"},"content":{"rendered":"<section class=\"wpb-content-wrapper\"><p>[vc_row][vc_column icons_position=&#8220;left&#8220;][vc_column_text]<span style=\"font-family: Arial; font-size: small;\">V souvislosti se zem\u011bt\u0159esen\u00edm na Haiti se novin\u00e1\u0159i zam\u011b\u0159ili na v\u00fdcvik z\u00e1chrann\u00fdch brig\u00e1d kynolog\u016f. I Arleta je tam chvilkama vid\u011bt. I<span lang=\"en\">\u00a0<\/span>kdy\u017e to na fotk\u00e1ch, ani na videu nen\u00ed moc vid\u011bt, byla tam tma jako v pytli. Psi nejprve mus\u00ed vyhodnotit, kam v\u016fbec \u0161lapou. Arleta, chud\u00e1k nem\u011bla ani sv\u011bt\u00fdlko, proto takov\u00fd pomal\u00fd, d\u00e1 se \u0159\u00edct a\u017e velmi nesm\u011bl\u00fd vstup do tmav\u00fdch podzemn\u00edch \u0161tol.<\/span><\/p>\n<h5><span style=\"font-size: large;\">Z\u00e1chran\u00e1\u0159i cvi\u010dili v Terez\u00edn\u011b, jak naj\u00edt zavalen\u00e9 osoby<\/span><\/h5>\n<p class=\"info\"><span style=\"font-size: small;\">Terez\u00edn \/FOTOGALERIE\/ &#8211; Cvi\u010den\u00ed svazu z\u00e1chrann\u00fdch brig\u00e1d kynolog\u016f a dobrovoln\u00fdch hasi\u010d\u016f z Hejnic na Liberecku prob\u011bhlo v sobotu v are\u00e1lu pevnosti v Terez\u00edn\u011b na Litom\u011b\u0159icku.<\/span><\/p>\n<p class=\"info\"><span style=\"font-size: small;\">Autor:\u00a0Karel Pech <a href=\"https:\/\/litomericky.denik.cz\/zpravy_region\/20100117terezin_cviceni.html#diskuse\" target=\"_blank\" rel=\"noopener\">odkaz na \u010dl\u00e1nek <\/a><\/span><span class=\"datestrong\"><span style=\"font-size: small;\">18.1.2010 8:17 aktualizov\u00e1no 18.1.2010 15:47<\/span><\/span><\/p>\n<p><span style=\"font-size: small;\">Dvac\u00edtka kynolog\u016f -z\u00e1chran\u00e1\u0159\u016f nacvi\u010dovala hled\u00e1n\u00ed zavalen\u00fdch osob pomoc\u00ed speci\u00e1ln\u011b cvi\u010den\u00fdch ps\u016f. Takov\u00e1 cvi\u010den\u00ed se prov\u00e1d\u011bj\u00ed minim\u00e1ln\u011b jednou do m\u011bs\u00edce a v\u017edy v jin\u00e9 lokalit\u011b, aby se co nejv\u00edce podobala realit\u011b a psi si na m\u00edsto, kde hledaj\u00ed zavalen\u00e9 osoby, p\u0159\u00edli\u0161 nezvykli.<\/span><\/p>\n<p><span style=\"font-size: small;\">\u201eV Terez\u00edn\u011b nejsme poprv\u00e9 a podm\u00ednky jsou zde hodn\u011b podobn\u00e9 jako v realit\u011b. Je tu mnoho chodeb, je tu tma a pro psa je velice slo\u017eit\u00e9 zavalenou osobu naj\u00edt,\u201c \u0159\u00edk\u00e1 jeden z \u010dlen\u016f brig\u00e1dy, policejn\u00ed psovod Jaroslav Ebel.<\/span><\/p>\n<p><span style=\"font-size: small;\">\u201e\u010c\u00e1st koleg\u016f, kte\u0159\u00ed zde dnes cvi\u010d\u00ed, m\u00e1 ji\u017e bohat\u00e9 zku\u0161enosti ze z\u00e1chrann\u00fdch mis\u00ed, nap\u0159\u00edklad p\u0159i zem\u011bt\u0159esen\u00ed v Turecku, Thai \u2013 wanu, Ir\u00e1ku a z\u00e1chranu osob po tsunami na Sr\u00ed Lance,\u201c p\u0159ibli\u017euje Franti\u0161ek Schejbal, vedouc\u00ed brig\u00e1dy a velitel SDH Hejnice.<\/span><\/p>\n<p><span style=\"font-size: small;\">Z\u00e1chran\u00e1\u0159i, kte\u0159\u00ed cvi\u010dili v sobotu v Terez\u00edn\u011b, se chystali tak\u00e9 na Haiti. \u201eV t\u00fddnu jsme se chystali pomoci obyvatel\u016fm posti\u017een\u00fdm zem\u011bt\u0159esen\u00edm na Haiti, ale bohu\u017eel se v\u010das nena\u0161ly finan\u010dn\u00ed prost\u0159edky a kdy\u017e jsme je dali kone\u010dn\u011b dohromady, tak u\u017e bylo na cestu na Haiti pozd\u011b. \u0160ance na z\u00e1chranu zasypan\u00fdch lid\u00ed je re\u00e1ln\u00e1 tak do t\u0159\u00ed dn\u016f a my bychom tam dorazili mnohem pozd\u011bji,\u201c dod\u00e1v\u00e1 Schejbal.<\/span>[\/vc_column_text][vc_empty_space alter_height=&#8220;small&#8220; hide_on_wide=&#8220;&#8220; hide_on_desktop=&#8220;&#8220; hide_on_notebook=&#8220;&#8220; hide_on_tablet=&#8220;&#8220; hide_on_mobile=&#8220;&#8220;][\/vc_column][\/vc_row][vc_row][vc_column icons_position=&#8220;left&#8220;][vc_media_grid style=&#8220;lazy&#8220; element_width=&#8220;2&#8243; grid_id=&#8220;vc_gid:1706849064811-3607a492-f598-3&#8243; include=&#8220;1171,1173,1174,1175,1176,1177,1178,1179,1180&#8243;][\/vc_column][\/vc_row]<\/p>\n<\/section>","protected":false},"excerpt":{"rendered":"<p>[vc_row][vc_column icons_position=&#8220;left&#8220;][vc_column_text]V souvislosti se zem\u011bt\u0159esen\u00edm na Haiti se novin\u00e1\u0159i zam\u011b\u0159ili na v\u00fdcvik z\u00e1chrann\u00fdch brig\u00e1d kynolog\u016f. I Arleta je tam chvilkama vid\u011bt. I\u00a0kdy\u017e to na fotk\u00e1ch, ani na videu&hellip;<\/p>\n","protected":false},"author":1,"featured_media":1189,"comment_status":"closed","ping_status":"closed","sticky":false,"template":"","format":"standard","meta":{"footnotes":""},"categories":[14],"tags":[],"_links":{"self":[{"href":"https:\/\/www.dilegrej.info\/zkouska\/wp-json\/wp\/v2\/posts\/1166"}],"collection":[{"href":"https:\/\/www.dilegrej.info\/zkouska\/wp-json\/wp\/v2\/posts"}],"about":[{"href":"https:\/\/www.dilegrej.info\/zkouska\/wp-json\/wp\/v2\/types\/post"}],"author":[{"embeddable":true,"href":"https:\/\/www.dilegrej.info\/zkouska\/wp-json\/wp\/v2\/users\/1"}],"replies":[{"embeddable":true,"href":"https:\/\/www.dilegrej.info\/zkouska\/wp-json\/wp\/v2\/comments?post=1166"}],"version-history":[{"count":4,"href":"https:\/\/www.dilegrej.info\/zkouska\/wp-json\/wp\/v2\/posts\/1166\/revisions"}],"predecessor-version":[{"id":1170,"href":"https:\/\/www.dilegrej.info\/zkouska\/wp-json\/wp\/v2\/posts\/1166\/revisions\/1170"}],"wp:featuredmedia":[{"embeddable":true,"href":"https:\/\/www.dilegrej.info\/zkouska\/wp-json\/wp\/v2\/media\/1189"}],"wp:attachment":[{"href":"https:\/\/www.dilegrej.info\/zkouska\/wp-json\/wp\/v2\/media?parent=1166"}],"wp:term":[{"taxonomy":"category","embeddable":true,"href":"https:\/\/www.dilegrej.info\/zkouska\/wp-json\/wp\/v2\/categories?post=1166"},{"taxonomy":"post_tag","embeddable":true,"href":"https:\/\/www.dilegrej.info\/zkouska\/wp-json\/wp\/v2\/tags?post=1166"}],"curies":[{"name":"wp","href":"https:\/\/api.w.org\/{rel}","templated":true}]}}