{"id":1111,"date":"2011-12-03T21:56:49","date_gmt":"2011-12-03T20:56:49","guid":{"rendered":"https:\/\/www.dilegrej.info\/zkouska\/?p=1111"},"modified":"2024-02-01T22:00:18","modified_gmt":"2024-02-01T21:00:18","slug":"vylet-do-brdskych-lesu","status":"publish","type":"post","link":"https:\/\/www.dilegrej.info\/zkouska\/vylet-do-brdskych-lesu\/","title":{"rendered":"V\u00fdlet do Brdsk\u00fdch les\u016f"},"content":{"rendered":"<p>Dne 3. prosince 2011 byl uskute\u010dn\u011bn druh\u00fd ofici\u00e1ln\u00ed v\u00fdlet p\u0159\u00e1tel a chovatel\u016f \u010desk\u00fdch horsk\u00fdch ps\u016f tentokr\u00e1t do oblasti Brd. V\u00fdlet byl b\u00e1je\u010dn\u011b napl\u00e1nov\u00e1n i s op\u00e9k\u00e1n\u00edm bu\u0159t\u016f a kol\u00e1\u010dky, objedn\u00e1no bylo perfektn\u00ed po\u010das\u00ed, p\u0159esto \u017ee p\u0159edpov\u011b\u010f hl\u00e1sila d\u00e9\u0161\u0165. Z m\u00edsta srazu &#8211; V\u0161enory u n\u00e1dra\u017e\u00ed jsme popojeli vlakem do \u0158evnic a odtud p\u011b\u0161ky p\u0159es h\u0159eben zp\u011bt do V\u0161enor k Form\u00e1nk\u016fm na v\u00fdborn\u00e9 kol\u00e1\u010dky. Poznali jsme t\u0159i zaj\u00edmav\u00e1 m\u00edsta Brdsk\u00fdch vrch\u016f &#8211; Jez\u00edrko, magick\u00e9 m\u00edsto Skalka a \u010cernolick\u00e9 (\u010dertovy) sk\u00e1ly. Se\u0161lo se \u0161est \u010dechohor\u00e1k\u016f &#8211; nejstar\u0161\u00ed d\u016fchodkyn\u011b Frencis Netolick\u00e1 obora (9 let), skoro d\u016fchodkyn\u011b Grejsi z L\u00e1skova (7,5 roku), Riky &#8211; &#8222;C&#8220; My\u0161\u00ed d\u00edra (4 roky), Arleta a Ach\u00e1t Di-Le-Grej (3,5 roku) a Aky z Host\u00fdnsk\u00e9ho trailu (3 roky). V\u0161ichni p\u0159e\u017eili v pohod\u011b a ve zdrav\u00ed. U\u017eili jsme si to, pokl\u00e1bosili, psi si pohr\u00e1li a vyb\u011bhali se, zaujali jsme n\u011bkolik lid\u00ed nejen v \u0158evnic\u00edch a to je p\u0159esn\u011b ten d\u016fvod, pro\u010d takov\u00e1 setk\u00e1n\u00ed d\u011blat p\u00e1rkr\u00e1t do roka. Vz\u00e1cn\u00fdmi hosty byli man\u017eel\u00e9 S\u00edbrtovi, dlouholet\u00ed mushe\u0159i a chovatel\u00e9 husky. Velk\u00e9 pod\u011bkov\u00e1n\u00ed pat\u0159\u00ed M\u00ed\u0161e Form\u00e1nkov\u00e9 za napl\u00e1nov\u00e1n\u00ed tohoto setk\u00e1n\u00ed. M\u00ed\u0161o d\u011bkujeme!<br \/>\nOpravdu jen p\u00e1r fotek\u00a0<a href=\"http:\/\/choracek.rajce.idnes.cz\/brdy\" target=\"_blank\" rel=\"noopener\">na raj\u010deti.<\/a><\/p>\n","protected":false},"excerpt":{"rendered":"<p>Dne 3. prosince 2011 byl uskute\u010dn\u011bn druh\u00fd ofici\u00e1ln\u00ed v\u00fdlet p\u0159\u00e1tel a chovatel\u016f \u010desk\u00fdch horsk\u00fdch ps\u016f tentokr\u00e1t do oblasti Brd. V\u00fdlet byl b\u00e1je\u010dn\u011b napl\u00e1nov\u00e1n i s op\u00e9k\u00e1n\u00edm bu\u0159t\u016f a&hellip;<\/p>\n","protected":false},"author":1,"featured_media":1114,"comment_status":"closed","ping_status":"closed","sticky":false,"template":"","format":"standard","meta":{"footnotes":""},"categories":[14],"tags":[],"_links":{"self":[{"href":"https:\/\/www.dilegrej.info\/zkouska\/wp-json\/wp\/v2\/posts\/1111"}],"collection":[{"href":"https:\/\/www.dilegrej.info\/zkouska\/wp-json\/wp\/v2\/posts"}],"about":[{"href":"https:\/\/www.dilegrej.info\/zkouska\/wp-json\/wp\/v2\/types\/post"}],"author":[{"embeddable":true,"href":"https:\/\/www.dilegrej.info\/zkouska\/wp-json\/wp\/v2\/users\/1"}],"replies":[{"embeddable":true,"href":"https:\/\/www.dilegrej.info\/zkouska\/wp-json\/wp\/v2\/comments?post=1111"}],"version-history":[{"count":3,"href":"https:\/\/www.dilegrej.info\/zkouska\/wp-json\/wp\/v2\/posts\/1111\/revisions"}],"predecessor-version":[{"id":1117,"href":"https:\/\/www.dilegrej.info\/zkouska\/wp-json\/wp\/v2\/posts\/1111\/revisions\/1117"}],"wp:featuredmedia":[{"embeddable":true,"href":"https:\/\/www.dilegrej.info\/zkouska\/wp-json\/wp\/v2\/media\/1114"}],"wp:attachment":[{"href":"https:\/\/www.dilegrej.info\/zkouska\/wp-json\/wp\/v2\/media?parent=1111"}],"wp:term":[{"taxonomy":"category","embeddable":true,"href":"https:\/\/www.dilegrej.info\/zkouska\/wp-json\/wp\/v2\/categories?post=1111"},{"taxonomy":"post_tag","embeddable":true,"href":"https:\/\/www.dilegrej.info\/zkouska\/wp-json\/wp\/v2\/tags?post=1111"}],"curies":[{"name":"wp","href":"https:\/\/api.w.org\/{rel}","templated":true}]}}